{"id":920,"date":"2022-12-28T18:02:59","date_gmt":"2022-12-28T18:02:59","guid":{"rendered":"https:\/\/ahoj.grenzgaenge.net\/?p=920"},"modified":"2022-12-30T18:13:59","modified_gmt":"2022-12-30T18:13:59","slug":"denkmal-am-o-platz-berlin-kreuzberg","status":"publish","type":"post","link":"https:\/\/ahoj.grenzgaenge.net\/cs\/denkmal-am-o-platz-berlin-kreuzberg\/","title":{"rendered":"Pomn\u00edk O-Platz, Berlin-Kreuzberg"},"content":{"rendered":"<div class=\"wp-block-getwid-section alignfull alignfull\"><div class=\"wp-block-getwid-section__wrapper\"><div class=\"wp-block-getwid-section__inner-wrapper\"><div class=\"wp-block-getwid-section__background-holder\"><div class=\"wp-block-getwid-section__background\"><\/div><div class=\"wp-block-getwid-section__foreground\"><\/div><\/div><div class=\"wp-block-getwid-section__content\"><div class=\"wp-block-getwid-section__inner-content\">\n<h2 class=\"wp-block-heading\"><strong>Kde jsme?<\/strong><\/h2>\n\n\n\n<p>Am Oranienburger Platz haben 2012 Migrant:innen und Gefl\u00fcchtete Menschen den Platz besetzt, um f\u00fcr bessere Asylbedingungen zu protestieren. Es ist ein wichtiger (Erinnerungs-)Ort f\u00fcr migrantische Selbstorganisierung f\u00fcr ihre Rechte und gegen Diskriminierung in einer rassistischen Gesellschaft. Heute steht dort ein Denkmal, dass im September 2020 von der Initiative \u201cWo ist unser Denkmal\u201d errichtet wurde. Das Denkmal erinnert an die Opfer von Rassismus und&nbsp;Polizeigewalt. Die Aktion dieses Denkmal wurde von Aktivist*innen gemacht, die auf das fehlende Denkmal hinweisen wollten. Nach der Errichtung des Denkmals gab es viele Aktionen zum Gedenken und Blumen wurden nieder gelegt.<\/p>\n\n\n\n<figure class=\"wp-block-image size-large\"><img loading=\"lazy\" decoding=\"async\" width=\"1024\" height=\"768\" src=\"https:\/\/ahoj.grenzgaenge.net\/wp-content\/uploads\/2022\/12\/20221014_180051-1024x768.jpg\" alt=\"\" class=\"wp-image-922\" srcset=\"https:\/\/ahoj.grenzgaenge.net\/wp-content\/uploads\/2022\/12\/20221014_180051-1024x768.jpg 1024w, https:\/\/ahoj.grenzgaenge.net\/wp-content\/uploads\/2022\/12\/20221014_180051-300x225.jpg 300w, https:\/\/ahoj.grenzgaenge.net\/wp-content\/uploads\/2022\/12\/20221014_180051-768x576.jpg 768w, https:\/\/ahoj.grenzgaenge.net\/wp-content\/uploads\/2022\/12\/20221014_180051-1536x1152.jpg 1536w, https:\/\/ahoj.grenzgaenge.net\/wp-content\/uploads\/2022\/12\/20221014_180051-2048x1536.jpg 2048w, https:\/\/ahoj.grenzgaenge.net\/wp-content\/uploads\/2022\/12\/20221014_180051-16x12.jpg 16w\" sizes=\"(max-width: 1024px) 100vw, 1024px\" \/><figcaption class=\"wp-element-caption\">(c) grenzgaenge<\/figcaption><\/figure>\n\n\n\n<p>V\u00edce o protestech v roce 2012 se dov\u00edte na str\u00e1nk\u00e1ch feministick\u00e9 skupiny International Woman Space https:\/\/iwspace.de\/ a na str\u00e1nk\u00e1ch iniciativy Oplatz https:\/\/oplatz.net\/about\/. <a href=\"https:\/\/iwspace.de\/\">https:\/\/iwspace.de\/<\/a> sowie \u00fcber die Website des Oplatzes: https:\/\/oplatz.net\/about\/<\/p>\n\n\n\n<div class=\"wp-block-ugb-divider ugb-divider ugb-7a5e6e7 ugb-divider--v2 ugb-divider--design-basic ugb-main-block\"><style>.ugb-7a5e6e7 hr.ugb-divider__hr{height:1px !important;width:70% !important;margin-left:auto !important;margin-right:auto !important}@media screen and (min-width:768px){.ugb-7a5e6e7.ugb-divider{margin-top:-20px !important}}<\/style><div class=\"ugb-inner-block\"><div class=\"ugb-block-content\"><hr class=\"ugb-divider__hr\"\/><\/div><\/div><\/div>\n<\/div><\/div><\/div><\/div><\/div>","protected":false},"excerpt":{"rendered":"<p>Listopad\/prosinec 1732: Lid\u00e9 z \u010cech dorazili do Berl\u00edna a do m\u011bsta \u2013 s velk\u00fdmi obavami \u2013 vkro\u010dili Hallskou branou (Hallesches Tor, tehdy naz\u00fdvan\u00e1 Hallenser Thor). V t\u00e9 dob\u011b byla jednou ze sedmi bran, jimi\u017e bylo mo\u017en\u00e9 do m\u011bsta vstoupit.<\/p>","protected":false},"author":3,"featured_media":947,"comment_status":"closed","ping_status":"open","sticky":false,"template":"","format":"standard","meta":{"footnotes":""},"categories":[1],"tags":[],"cp_meta_data":{"stackable_optimized_css":["","","","","",""],"stackable_optimized_css_raw":["a:0:{}","a:0:{}","a:0:{}","a:0:{}","a:0:{}","a:0:{}"],"_thumbnail_id":["947"],"codespacing_progress_map_address":["Oranienplatz, Berlin, Deutschland"],"codespacing_progress_map_lat":["52.5026685"],"codespacing_progress_map_lng":["13.415057"],"codespacing_progress_map_secondary_lat_lng":[""],"_cspm_location":["a:4:{s:32:\"codespacing_progress_map_address\";s:33:\"Oranienplatz, Berlin, Deutschland\";s:28:\"codespacing_progress_map_lat\";s:10:\"52.5026685\";s:28:\"codespacing_progress_map_lng\";s:9:\"13.415057\";s:42:\"codespacing_progress_map_secondary_lat_lng\";s:0:\"\";}"],"cspm_single_post_marker_img_only":["no"],"_cspm_marker_label_options":["a:1:{i:0;a:1:{s:10:\"hide_label\";s:2:\"no\";}}"],"_cspm_post_format":["standard"],"_cspm_post_image_id":["46"],"_cspm_post_image":["https:\/\/ahoj.grenzgaenge.net\/wp-content\/uploads\/2021\/01\/berlin-630640_1920.jpg"],"ocean_gallery_link_images":["off"],"ocean_sidebar":["0"],"ocean_second_sidebar":["0"],"ocean_disable_margins":["enable"],"ocean_display_top_bar":["off"],"ocean_display_header":["off"],"ocean_center_header_left_menu":["0"],"ocean_custom_header_template":["0"],"ocean_header_custom_menu":["0"],"ocean_menu_typo_font_family":["0"],"ocean_disable_title":["on"],"ocean_disable_heading":["default"],"ocean_disable_breadcrumbs":["off"],"ocean_display_footer_widgets":["default"],"ocean_display_footer_bottom":["default"],"ocean_custom_footer_template":["0"],"ocean_link_format_target":["self"],"ocean_quote_format_link":["post"],"_cspm_marker_icon_height":["-1"],"_cspm_marker_icon_width":["-1"],"_cspm_enable_media_marker_click":["yes"],"ocean_post_layout":["full-width"],"_wp_old_date":["2022-12-10"],"_dp_original":["918"],"_edit_last":["3"],"_edit_lock":["1672425001:3"],"nectar_blog_post_view_count":["825"]},"_links":{"self":[{"href":"https:\/\/ahoj.grenzgaenge.net\/cs\/wp-json\/wp\/v2\/posts\/920"}],"collection":[{"href":"https:\/\/ahoj.grenzgaenge.net\/cs\/wp-json\/wp\/v2\/posts"}],"about":[{"href":"https:\/\/ahoj.grenzgaenge.net\/cs\/wp-json\/wp\/v2\/types\/post"}],"author":[{"embeddable":true,"href":"https:\/\/ahoj.grenzgaenge.net\/cs\/wp-json\/wp\/v2\/users\/3"}],"replies":[{"embeddable":true,"href":"https:\/\/ahoj.grenzgaenge.net\/cs\/wp-json\/wp\/v2\/comments?post=920"}],"version-history":[{"count":3,"href":"https:\/\/ahoj.grenzgaenge.net\/cs\/wp-json\/wp\/v2\/posts\/920\/revisions"}],"predecessor-version":[{"id":948,"href":"https:\/\/ahoj.grenzgaenge.net\/cs\/wp-json\/wp\/v2\/posts\/920\/revisions\/948"}],"wp:featuredmedia":[{"embeddable":true,"href":"https:\/\/ahoj.grenzgaenge.net\/cs\/wp-json\/wp\/v2\/media\/947"}],"wp:attachment":[{"href":"https:\/\/ahoj.grenzgaenge.net\/cs\/wp-json\/wp\/v2\/media?parent=920"}],"wp:term":[{"taxonomy":"category","embeddable":true,"href":"https:\/\/ahoj.grenzgaenge.net\/cs\/wp-json\/wp\/v2\/categories?post=920"},{"taxonomy":"post_tag","embeddable":true,"href":"https:\/\/ahoj.grenzgaenge.net\/cs\/wp-json\/wp\/v2\/tags?post=920"}],"curies":[{"name":"wp","href":"https:\/\/api.w.org\/{rel}","templated":true}]}}