{"id":868,"date":"2022-12-30T17:43:23","date_gmt":"2022-12-30T17:43:23","guid":{"rendered":"https:\/\/ahoj.grenzgaenge.net\/?p=868"},"modified":"2022-12-30T18:12:06","modified_gmt":"2022-12-30T18:12:06","slug":"alleine-oder-gemeinsam-unterwegs","status":"publish","type":"post","link":"https:\/\/ahoj.grenzgaenge.net\/cs\/alleine-oder-gemeinsam-unterwegs\/","title":{"rendered":"Je lep\u0161\u00ed cestovat s\u00e1m nebo ve vice lidech?"},"content":{"rendered":"<div class=\"wp-block-getwid-section alignfull alignfull\"><div class=\"wp-block-getwid-section__wrapper\"><div class=\"wp-block-getwid-section__inner-wrapper\"><div class=\"wp-block-getwid-section__background-holder\"><div class=\"wp-block-getwid-section__background\"><\/div><div class=\"wp-block-getwid-section__foreground\"><\/div><\/div><div class=\"wp-block-getwid-section__content\"><div class=\"wp-block-getwid-section__inner-content\">\n<h2 class=\"wp-block-heading\"><strong>Kde jsme?<\/strong><\/h2>\n\n\n\n<p>Na z\u0159\u00edcenin\u011b hradu ze 14. stolet\u00ed.<\/p>\n\n\n\n<figure class=\"floatleft\">\n<p><img loading=\"lazy\" decoding=\"async\" class=\"wp-image-859\" src=\"https:\/\/ahoj.grenzgaenge.net\/wp-content\/uploads\/2022\/12\/20220915_110751-300x225.jpg\" alt=\"\" width=\"585\" height=\"439\" srcset=\"https:\/\/ahoj.grenzgaenge.net\/wp-content\/uploads\/2022\/12\/20220915_110751-300x225.jpg 300w, https:\/\/ahoj.grenzgaenge.net\/wp-content\/uploads\/2022\/12\/20220915_110751-1024x768.jpg 1024w, https:\/\/ahoj.grenzgaenge.net\/wp-content\/uploads\/2022\/12\/20220915_110751-768x576.jpg 768w, https:\/\/ahoj.grenzgaenge.net\/wp-content\/uploads\/2022\/12\/20220915_110751-1536x1152.jpg 1536w, https:\/\/ahoj.grenzgaenge.net\/wp-content\/uploads\/2022\/12\/20220915_110751-2048x1536.jpg 2048w, https:\/\/ahoj.grenzgaenge.net\/wp-content\/uploads\/2022\/12\/20220915_110751-16x12.jpg 16w\" sizes=\"(max-width: 585px) 100vw, 585px\" \/><\/p><figcaption>\u00a9 Grenzg\u00e4nge<\/figcaption><\/figure>\n\n\n\n<h2 class=\"wp-block-heading\"><strong>P\u0159\u00edb\u011bh, kter\u00fd se zat\u00edm skr\u00fdv\u00e1<\/strong> dahinter&#8230;<\/h2>\n\n\n\n<p>Na t\u00fa\u0159e jsme mluvili o tom, jestli je lep\u0161\u00ed cestovat s\u00e1m nebo ve skupin\u011b. Vzpome\u0148te si na p\u0159\u00edb\u011bh Magdaleny.<\/p>\n\n\n\n<ul>\n<li> Byla na \u00fat\u011bku sama nebo ve skupin\u011b? Pro\u010d? Jak\u00e9 jsou argumenty pro a proti?&nbsp; <\/li>\n\n\n\n<li>Zamyslete se tak\u00e9 je\u0161t\u011b nad n\u00e1sleduj\u00edc\u00edmi ot\u00e1zkami: Jak m\u016f\u017ee \u010dlov\u011bk p\u016fsobit nen\u00e1padn\u011b? <\/li>\n\n\n\n<li>Podle \u010deho se dalo poznat, \u017ee je Magdalena na \u00fat\u011bku? Jak p\u0159istupujeme k lidem, kte\u0159\u00ed vypadaj\u00ed chud\u011b?<\/li>\n<\/ul>\n\n\n\n<p><\/p>\n\n\n\n<h2 class=\"wp-block-heading\">Poslouchat...<\/h2>\n\n\n\n<figure class=\"wp-block-audio\"><audio controls src=\"https:\/\/ahoj.grenzgaenge.net\/wp-content\/uploads\/2022\/12\/dz_wie-reisen.mp3\"><\/audio><figcaption class=\"wp-element-caption\">Wie unterwegs sein? <\/figcaption><\/figure>\n\n\n\n<figure class=\"wp-block-audio\"><audio controls src=\"https:\/\/ahoj.grenzgaenge.net\/wp-content\/uploads\/2022\/12\/cz_wie-reisen.mp3\"><\/audio><figcaption class=\"wp-element-caption\">cz: <strong>Je lep\u0161\u00ed cestovat s\u00e1m nebo ve vice lidech?<\/strong> <\/figcaption><\/figure>\n\n\n\n<div class=\"wp-block-ugb-divider ugb-divider ugb-7a5e6e7 ugb-divider--v2 ugb-divider--design-basic ugb-main-block\"><style>.ugb-7a5e6e7 hr.ugb-divider__hr{height:1px !important;width:70% !important;margin-left:auto !important;margin-right:auto !important}@media screen and (min-width:768px){.ugb-7a5e6e7.ugb-divider{margin-top:-20px !important}}<\/style><div class=\"ugb-inner-block\"><div class=\"ugb-block-content\"><hr class=\"ugb-divider__hr\"\/><\/div><\/div><\/div>\n<\/div><\/div><\/div><\/div><\/div>","protected":false},"excerpt":{"rendered":"<p>Listopad\/prosinec 1732: Lid\u00e9 z \u010cech dorazili do Berl\u00edna a do m\u011bsta \u2013 s velk\u00fdmi obavami \u2013 vkro\u010dili Hallskou branou (Hallesches Tor, tehdy naz\u00fdvan\u00e1 Hallenser Thor). V t\u00e9 dob\u011b byla jednou ze sedmi bran, jimi\u017e bylo mo\u017en\u00e9 do m\u011bsta vstoupit.<\/p>","protected":false},"author":3,"featured_media":946,"comment_status":"closed","ping_status":"open","sticky":false,"template":"","format":"standard","meta":{"footnotes":""},"categories":[1],"tags":[],"cp_meta_data":{"stackable_optimized_css":["","","","","","","",""],"stackable_optimized_css_raw":["a:0:{}","a:0:{}","a:0:{}","a:0:{}","a:0:{}","a:0:{}","a:0:{}","a:0:{}"],"_thumbnail_id":["946"],"codespacing_progress_map_address":["Burgruine Roimund (Roynungen), B\u00edl\u00fd Kostel nad Nisou, Tschechien"],"codespacing_progress_map_lat":["50.79890409999999"],"codespacing_progress_map_lng":["14.8906059"],"codespacing_progress_map_secondary_lat_lng":[""],"_cspm_location":["a:4:{s:32:\"codespacing_progress_map_address\";s:66:\"Burgruine Roimund (Roynungen), B\u00edl\u00fd Kostel nad Nisou, Tschechien\";s:28:\"codespacing_progress_map_lat\";s:17:\"50.79890409999999\";s:28:\"codespacing_progress_map_lng\";s:10:\"14.8906059\";s:42:\"codespacing_progress_map_secondary_lat_lng\";s:0:\"\";}"],"cspm_single_post_marker_img_only":["no"],"_cspm_marker_label_options":["a:1:{i:0;a:1:{s:10:\"hide_label\";s:2:\"no\";}}"],"_cspm_post_format":["standard"],"_cspm_post_image_id":["46"],"_cspm_post_image":["https:\/\/ahoj.grenzgaenge.net\/wp-content\/uploads\/2021\/01\/berlin-630640_1920.jpg"],"ocean_gallery_link_images":["off"],"ocean_sidebar":["0"],"ocean_second_sidebar":["0"],"ocean_disable_margins":["enable"],"ocean_display_top_bar":["off"],"ocean_display_header":["off"],"ocean_center_header_left_menu":["0"],"ocean_custom_header_template":["0"],"ocean_header_custom_menu":["0"],"ocean_menu_typo_font_family":["0"],"ocean_disable_title":["on"],"ocean_disable_heading":["default"],"ocean_disable_breadcrumbs":["off"],"ocean_display_footer_widgets":["default"],"ocean_display_footer_bottom":["default"],"ocean_custom_footer_template":["0"],"ocean_link_format_target":["self"],"ocean_quote_format_link":["post"],"_cspm_marker_icon_height":["-1"],"_cspm_marker_icon_width":["-1"],"_cspm_enable_media_marker_click":["yes"],"ocean_post_layout":["full-width"],"_dp_original":["823"],"_edit_lock":["1703255219:3"],"_edit_last":["3"],"enclosure":["https:\/\/ahoj.grenzgaenge.net\/wp-content\/uploads\/2022\/12\/dz_wie-reisen.mp3\n2024653\naudio\/mpeg\n","https:\/\/ahoj.grenzgaenge.net\/wp-content\/uploads\/2022\/12\/cz_wie-reisen.mp3\n2965597\naudio\/mpeg\n"],"nectar_blog_post_view_count":["716"]},"_links":{"self":[{"href":"https:\/\/ahoj.grenzgaenge.net\/cs\/wp-json\/wp\/v2\/posts\/868"}],"collection":[{"href":"https:\/\/ahoj.grenzgaenge.net\/cs\/wp-json\/wp\/v2\/posts"}],"about":[{"href":"https:\/\/ahoj.grenzgaenge.net\/cs\/wp-json\/wp\/v2\/types\/post"}],"author":[{"embeddable":true,"href":"https:\/\/ahoj.grenzgaenge.net\/cs\/wp-json\/wp\/v2\/users\/3"}],"replies":[{"embeddable":true,"href":"https:\/\/ahoj.grenzgaenge.net\/cs\/wp-json\/wp\/v2\/comments?post=868"}],"version-history":[{"count":5,"href":"https:\/\/ahoj.grenzgaenge.net\/cs\/wp-json\/wp\/v2\/posts\/868\/revisions"}],"predecessor-version":[{"id":945,"href":"https:\/\/ahoj.grenzgaenge.net\/cs\/wp-json\/wp\/v2\/posts\/868\/revisions\/945"}],"wp:featuredmedia":[{"embeddable":true,"href":"https:\/\/ahoj.grenzgaenge.net\/cs\/wp-json\/wp\/v2\/media\/946"}],"wp:attachment":[{"href":"https:\/\/ahoj.grenzgaenge.net\/cs\/wp-json\/wp\/v2\/media?parent=868"}],"wp:term":[{"taxonomy":"category","embeddable":true,"href":"https:\/\/ahoj.grenzgaenge.net\/cs\/wp-json\/wp\/v2\/categories?post=868"},{"taxonomy":"post_tag","embeddable":true,"href":"https:\/\/ahoj.grenzgaenge.net\/cs\/wp-json\/wp\/v2\/tags?post=868"}],"curies":[{"name":"wp","href":"https:\/\/api.w.org\/{rel}","templated":true}]}}