{"id":840,"date":"2022-12-10T19:33:35","date_gmt":"2022-12-10T19:33:35","guid":{"rendered":"https:\/\/ahoj.grenzgaenge.net\/?p=840"},"modified":"2022-12-30T18:21:40","modified_gmt":"2022-12-30T18:21:40","slug":"in-der-naehe-von-bily-kostel-nad-nisou","status":"publish","type":"post","link":"https:\/\/ahoj.grenzgaenge.net\/cs\/in-der-naehe-von-bily-kostel-nad-nisou\/","title":{"rendered":"u B\u00edl\u00e9ho Kostela nad Nisou"},"content":{"rendered":"<div class=\"wp-block-getwid-section alignfull alignfull\"><div class=\"wp-block-getwid-section__wrapper\"><div class=\"wp-block-getwid-section__inner-wrapper\"><div class=\"wp-block-getwid-section__background-holder\"><div class=\"wp-block-getwid-section__background\"><\/div><div class=\"wp-block-getwid-section__foreground\"><\/div><\/div><div class=\"wp-block-getwid-section__content\"><div class=\"wp-block-getwid-section__inner-content\">\n<h2 class=\"wp-block-heading\"><strong>Magdalena Pakosta, protestantka z \u010cech pod\u00e1v\u00e1 zpr\u00e1vu o sv\u00e9m \u00fat\u011bku v 17. stolet\u00ed...<\/strong><\/h2>\n\n\n\n<p><\/p>\n\n\n\n<blockquote class=\"wp-block-ugb-blockquote ugb-blockquote ugb-e6577ef ugb-blockquote--v3 ugb-blockquote--design-plain ugb-main-block\"><style>.ugb-e6577ef .ugb-blockquote__quote{fill:#7a9e1a !important;width:60px !important;height:60px !important;left:11px !important;top:33px !important}.ugb-e6577ef .ugb-blockquote__text{font-family:\"Caveat Brush\",Sans-serif !important;font-size:18px !important;font-weight:100 !important;text-transform:none !important}.ugb-e6577ef .ugb-inner-block{text-align:left}@media screen and (min-width:768px){.ugb-e6577ef.ugb-blockquote{margin-bottom:0px !important}}<\/style><div class=\"ugb-inner-block\"><div class=\"ugb-block-content\"><div class=\"ugb-blockquote__item\"><svg xmlns=\"http:\/\/www.w3.org\/2000\/svg\" viewbox=\"0 0 50 50\" class=\"ugb-blockquote__quote\" width=\"60\" height=\"60\"><path d=\"M22.6 12.8c-1.9.5-3.7 1.2-5.3 2.1-1.6.9-3.1 1.9-4.3 3-1.2 1.1-2.2 2.4-2.9 3.7-.7 1.3-1.1 2.7-1.1 4 0 1.2.1 1.8.3 1.8.8 0 1.5-.3 2.4-.9.8-.6 1.9-.9 3.3-.9 2.1 0 3.9.8 5.4 2.4 1.5 1.6 2.3 3.7 2.3 6.2s-1 4.6-2.9 6.4c-1.9 1.8-4.3 2.6-7.3 2.6-1.8 0-3.4-.4-4.9-1.1-1.5-.8-2.8-1.8-3.9-3.1s-2-2.8-2.6-4.6C.3 32.5 0 30.6 0 28.6c0-3 .6-5.8 1.8-8.3 1.2-2.5 2.8-4.8 4.9-6.7 2-1.9 4.4-3.5 7.2-4.6 2.8-1.2 5.6-1.8 8.6-2v5.8zm27.4 0c-1.9.5-3.7 1.2-5.4 2.1-1.7.9-3.1 1.9-4.3 3-1.2 1.1-2.2 2.4-2.9 3.7-.7 1.3-1.1 2.7-1.1 4 0 1.2.1 1.8.4 1.8.8 0 1.5-.3 2.3-.9.8-.6 1.9-.9 3.3-.9 2 0 3.8.8 5.3 2.4 1.5 1.6 2.3 3.7 2.3 6.2s-1 4.6-2.9 6.4c-2 1.8-4.4 2.6-7.3 2.6-1.7 0-3.3-.4-4.8-1.1-1.5-.8-2.8-1.8-3.9-3.1s-2-2.8-2.7-4.6c-.7-1.8-1-3.7-1-5.7 0-3 .6-5.8 1.8-8.3 1.2-2.5 2.8-4.8 4.9-6.7 2-1.9 4.4-3.5 7.2-4.6 2.8-1.2 5.7-1.8 8.8-2v5.7z\"><\/path><\/svg><div class=\"ugb-blockquote__content\"><p class=\"ugb-blockquote__text\">Ale po mal\u00e9 chv\u00edli p\u0159i\u0161li pro tu sl\u00e1mu a j\u00e1 jsem sotva odtud utekla. Tu jsem zase zmerkovala jin\u00e9 staven\u00ed, kdy\u017e jsem k n\u011bmu p\u0159i\u0161la, byl to pov\u011btrn\u00fd ml\u00fdn. J\u00e1 jsem pod n\u011bj ve\u0161la. Tam na m\u011b nepr\u0161elo, ale to tuze t\u0159e\u0161t\u011blo a velk\u00fd v\u00edtr v\u00e1l a j\u00e1 jsem byla v\u0161ecka promokl\u00e1 a zimou p\u0159emo\u0159en\u00e1, tak jsem tu nemohla b\u00fdti. Pak jsem \u0161la do toho lesa, kter\u00fd jsem tu bl\u00edzko vid\u011bla, trefila jsem na jednu sk\u00e1lu, kter\u00e1 velmi p\u0159\u00edkr\u00e1 byla, tak jsem se pod n\u00ed p\u0159ichr\u00e1nila.\nA kdy\u017e byl den... ten d\u00e9\u0161\u0165 a mha p\u0159ece jednostejn\u011b trvala. J\u00e1 jsem ten cely\u0301 den zase bloudila... Potom jsem potkala jednoho \u010desk\u00e9ho \u010dlov\u011bka a j\u00e1 jsem ho prosila, aby m\u011b na pravou cestu uvedl, ale on cht\u011bl, abych mu zaplatila. J\u00e1 \u017ee nem\u00e1m \u010d\u00edm: On mi necht\u011bl v\u011b\u0159iti, n\u00fdbr\u017e, \u017ee kdy\u017e mu nechci zaplatit, \u017ee mi nepov\u00ed, a tak \u0161el pry\u010d.<br><br>Maddalena Pakosta \u2013 1703<\/p><\/div><\/div><\/div><\/div><\/blockquote>\n\n\n\n<p>Zdroj: Archiv \u010desk\u00e9 vesnice. A IV.1 \u010cesk\u00e9 \u017eivotopisy obce Rixdorf z let 1760-1769 (p\u0159eklad LL 1 \u010d\u00edslo 88).<\/p>\n\n\n\n<div class=\"wp-block-ugb-divider ugb-divider ugb-7a5e6e7 ugb-divider--v2 ugb-divider--design-basic ugb-main-block\"><style>.ugb-7a5e6e7 hr.ugb-divider__hr{height:1px !important;width:70% !important;margin-left:auto !important;margin-right:auto !important}@media screen and (min-width:768px){.ugb-7a5e6e7.ugb-divider{margin-top:-20px !important}}<\/style><div class=\"ugb-inner-block\"><div class=\"ugb-block-content\"><hr class=\"ugb-divider__hr\"\/><\/div><\/div><\/div>\n<\/div><\/div><\/div><\/div><\/div>","protected":false},"excerpt":{"rendered":"<p>Listopad\/prosinec 1732: Lid\u00e9 z \u010cech dorazili do Berl\u00edna a do m\u011bsta \u2013 s velk\u00fdmi obavami \u2013 vkro\u010dili Hallskou branou (Hallesches Tor, tehdy naz\u00fdvan\u00e1 Hallenser Thor). V t\u00e9 dob\u011b byla jednou ze sedmi bran, jimi\u017e bylo mo\u017en\u00e9 do m\u011bsta vstoupit.<\/p>","protected":false},"author":3,"featured_media":0,"comment_status":"closed","ping_status":"open","sticky":false,"template":"","format":"standard","meta":{"footnotes":""},"categories":[7],"tags":[],"cp_meta_data":{"stackable_optimized_css":["","","","","",""],"stackable_optimized_css_raw":["a:0:{}","a:0:{}","a:0:{}","a:0:{}","a:0:{}","a:0:{}"],"codespacing_progress_map_address":["B\u00edl\u00fd Kostel nad Nisou, Tschechien"],"codespacing_progress_map_lat":["50.8231462"],"codespacing_progress_map_lng":["14.9244072"],"codespacing_progress_map_secondary_lat_lng":[""],"_cspm_location":["a:4:{s:32:\"codespacing_progress_map_address\";s:35:\"B\u00edl\u00fd Kostel nad Nisou, Tschechien\";s:28:\"codespacing_progress_map_lat\";s:10:\"50.8231462\";s:28:\"codespacing_progress_map_lng\";s:10:\"14.9244072\";s:42:\"codespacing_progress_map_secondary_lat_lng\";s:0:\"\";}"],"cspm_single_post_marker_img_only":["no"],"_cspm_marker_label_options":["a:1:{i:0;a:1:{s:10:\"hide_label\";s:2:\"no\";}}"],"_cspm_post_format":["standard"],"_cspm_post_image_id":["46"],"_cspm_post_image":["https:\/\/ahoj.grenzgaenge.net\/wp-content\/uploads\/2021\/01\/berlin-630640_1920.jpg"],"ocean_gallery_link_images":["off"],"ocean_sidebar":["0"],"ocean_second_sidebar":["0"],"ocean_disable_margins":["enable"],"ocean_display_top_bar":["off"],"ocean_display_header":["off"],"ocean_center_header_left_menu":["0"],"ocean_custom_header_template":["0"],"ocean_header_custom_menu":["0"],"ocean_menu_typo_font_family":["0"],"ocean_disable_title":["on"],"ocean_disable_heading":["default"],"ocean_disable_breadcrumbs":["off"],"ocean_display_footer_widgets":["default"],"ocean_display_footer_bottom":["default"],"ocean_custom_footer_template":["0"],"ocean_link_format_target":["self"],"ocean_quote_format_link":["post"],"_cspm_marker_icon_height":["-1"],"_cspm_marker_icon_width":["-1"],"_cspm_enable_media_marker_click":["yes"],"ocean_post_layout":["full-width"],"_dp_original":["838"],"_edit_lock":["1672424376:3"],"_edit_last":["3"],"nectar_blog_post_view_count":["723"]},"_links":{"self":[{"href":"https:\/\/ahoj.grenzgaenge.net\/cs\/wp-json\/wp\/v2\/posts\/840"}],"collection":[{"href":"https:\/\/ahoj.grenzgaenge.net\/cs\/wp-json\/wp\/v2\/posts"}],"about":[{"href":"https:\/\/ahoj.grenzgaenge.net\/cs\/wp-json\/wp\/v2\/types\/post"}],"author":[{"embeddable":true,"href":"https:\/\/ahoj.grenzgaenge.net\/cs\/wp-json\/wp\/v2\/users\/3"}],"replies":[{"embeddable":true,"href":"https:\/\/ahoj.grenzgaenge.net\/cs\/wp-json\/wp\/v2\/comments?post=840"}],"version-history":[{"count":2,"href":"https:\/\/ahoj.grenzgaenge.net\/cs\/wp-json\/wp\/v2\/posts\/840\/revisions"}],"predecessor-version":[{"id":904,"href":"https:\/\/ahoj.grenzgaenge.net\/cs\/wp-json\/wp\/v2\/posts\/840\/revisions\/904"}],"wp:attachment":[{"href":"https:\/\/ahoj.grenzgaenge.net\/cs\/wp-json\/wp\/v2\/media?parent=840"}],"wp:term":[{"taxonomy":"category","embeddable":true,"href":"https:\/\/ahoj.grenzgaenge.net\/cs\/wp-json\/wp\/v2\/categories?post=840"},{"taxonomy":"post_tag","embeddable":true,"href":"https:\/\/ahoj.grenzgaenge.net\/cs\/wp-json\/wp\/v2\/tags?post=840"}],"curies":[{"name":"wp","href":"https:\/\/api.w.org\/{rel}","templated":true}]}}