{"id":823,"date":"2022-10-31T14:13:00","date_gmt":"2022-10-31T14:13:00","guid":{"rendered":"https:\/\/ahoj.grenzgaenge.net\/?p=823"},"modified":"2022-12-30T18:23:57","modified_gmt":"2022-12-30T18:23:57","slug":"zittau","status":"publish","type":"post","link":"https:\/\/ahoj.grenzgaenge.net\/cs\/zittau\/","title":{"rendered":"\u017ditav\u011b"},"content":{"rendered":"<div class=\"wp-block-getwid-section alignfull alignfull\"><div class=\"wp-block-getwid-section__wrapper\"><div class=\"wp-block-getwid-section__inner-wrapper\"><div class=\"wp-block-getwid-section__background-holder\"><div class=\"wp-block-getwid-section__background\"><\/div><div class=\"wp-block-getwid-section__foreground\"><\/div><\/div><div class=\"wp-block-getwid-section__content\"><div class=\"wp-block-getwid-section__inner-content\">\n<h2 class=\"wp-block-heading\"><strong>Kde jsme?<\/strong><\/h2>\n\n\n\n<p>\u017ditava se nach\u00e1z\u00ed v Horn\u00ed Lu\u017eici v dne\u0161n\u00edm Sasku na hranic\u00edch s \u010ceskou republikou. <\/p>\n\n\n\n<figure class=\"floatleft\"><img loading=\"lazy\" decoding=\"async\" class=\"alignnone  wp-image-830\" src=\"P\u0159\u00edb\u011bh, kter\u00fd se zat\u00edm skr\u00fdv\u00e1\" alt=\"\" width=\"610\" height=\"813\" srcset=\"\" sizes=\"(max-width: 610px) 100vw, 610px\" data-srcset=\"\" \/><figcaption>\u00a9 Grenzg\u00e4nge<\/figcaption><\/figure>\n\n\n\n<h2 class=\"wp-block-heading\"><strong>P\u0159\u00edb\u011bh, kter\u00fd se zat\u00edm skr\u00fdv\u00e1<\/strong> dahinter&#8230;<\/h2>\n\n\n\n<p><em>M\u011bstsk\u00e9 muzeum v \u017ditav\u011b vd\u011b\u010d\u00ed za celou \u0159adu sv\u00fdch expon\u00e1t\u016f migrant\u016fm z p\u0159edchoz\u00edch stalet\u00ed. P\u0159inesli s sebou do m\u011bsta nov\u00e9 znalosti a nov\u00e9 \u0159emesln\u00e9 techniky.\nOt\u00e1zka, kterou jsme se zab\u00fdvali, zn\u011bla: <\/em><em>Die Frage, die wir uns hier gestellt haben war: &nbsp;<\/em><\/p>\n\n\n\n<p><strong>Jak migrace m\u011bn\u00ed spole\u010dnost? <\/strong><\/p>\n\n\n\n<p>Na prohl\u00eddce v \u017ditav\u011b jsme se dov\u011bd\u011bli, jak\u00fd pokrok migrace m\u011bstu p\u0159inesla. Zde n\u011bkolik p\u0159\u00edklad\u016f.<\/p>\n\n\n\n<h2 class=\"wp-block-heading\">Poslouchat...<\/h2>\n\n\n\n<figure class=\"wp-block-audio\"><audio controls src=\"https:\/\/ahoj.grenzgaenge.net\/wp-content\/uploads\/2022\/12\/dt_gesellschaft-veraendern.mp3\"><\/audio><figcaption class=\"wp-element-caption\">Jak migrace m\u011bn\u00ed spole\u010dnost?<\/figcaption><\/figure>\n\n\n\n<figure class=\"wp-block-audio\"><audio controls src=\"https:\/\/ahoj.grenzgaenge.net\/wp-content\/uploads\/2022\/12\/cz_gesellschaft-veraenderung.mp3\"><\/audio><figcaption class=\"wp-element-caption\">cz: Jak migrace m\u011bn\u00ed spole\u010dnost?<\/figcaption><\/figure>\n\n\n\n<div class=\"wp-block-ugb-divider ugb-divider ugb-7a5e6e7 ugb-divider--v2 ugb-divider--design-basic ugb-main-block\"><style>.ugb-7a5e6e7 hr.ugb-divider__hr{height:1px !important;width:70% !important;margin-left:auto !important;margin-right:auto !important}@media screen and (min-width:768px){.ugb-7a5e6e7.ugb-divider{margin-top:-20px !important}}<\/style><div class=\"ugb-inner-block\"><div class=\"ugb-block-content\"><hr class=\"ugb-divider__hr\"\/><\/div><\/div><\/div>\n\n\n\n<h2 class=\"wp-block-heading\">P.S.<\/h2>\n\n\n\n<p>V roce 2020 se v \u017ditav\u011b uskute\u010dnil zaj\u00edmav\u00fd projekt o tom, co tomuto m\u011bstu p\u0159inesla v pr\u016fb\u011bhu stalet\u00ed migrace. V\u00edce zde. <a href=\"https:\/\/zittau.de\/sites\/default\/files\/atoms\/files\/museum_entkommen_a1_poster.pdf\">https:\/\/zittau.de\/sites\/default\/files\/atoms\/files\/museum_entkommen_a1_poster.pdf<\/a><\/p>\n<\/div><\/div><\/div><\/div><\/div>","protected":false},"excerpt":{"rendered":"<p>Listopad\/prosinec 1732: Lid\u00e9 z \u010cech dorazili do Berl\u00edna a do m\u011bsta \u2013 s velk\u00fdmi obavami \u2013 vkro\u010dili Hallskou branou (Hallesches Tor, tehdy naz\u00fdvan\u00e1 Hallenser Thor). V t\u00e9 dob\u011b byla jednou ze sedmi bran, jimi\u017e bylo mo\u017en\u00e9 do m\u011bsta vstoupit.<\/p>","protected":false},"author":3,"featured_media":950,"comment_status":"closed","ping_status":"open","sticky":false,"template":"","format":"standard","meta":{"footnotes":""},"categories":[1],"tags":[],"cp_meta_data":{"stackable_optimized_css":["","","","","","",""],"stackable_optimized_css_raw":["a:0:{}","a:0:{}","a:0:{}","a:0:{}","a:0:{}","a:0:{}","a:0:{}"],"_thumbnail_id":["950"],"codespacing_progress_map_address":["Zittau, Deutschland"],"codespacing_progress_map_lat":["50.8999681"],"codespacing_progress_map_lng":["14.8029971"],"codespacing_progress_map_secondary_lat_lng":[""],"_cspm_location":["a:4:{s:32:\"codespacing_progress_map_address\";s:19:\"Zittau, Deutschland\";s:28:\"codespacing_progress_map_lat\";s:10:\"50.8999681\";s:28:\"codespacing_progress_map_lng\";s:10:\"14.8029971\";s:42:\"codespacing_progress_map_secondary_lat_lng\";s:0:\"\";}"],"cspm_single_post_marker_img_only":["no"],"_cspm_marker_label_options":["a:1:{i:0;a:1:{s:10:\"hide_label\";s:2:\"no\";}}"],"_cspm_post_format":["standard"],"_cspm_post_image_id":["46"],"_cspm_post_image":["https:\/\/ahoj.grenzgaenge.net\/wp-content\/uploads\/2021\/01\/berlin-630640_1920.jpg"],"ocean_gallery_link_images":["off"],"ocean_sidebar":["0"],"ocean_second_sidebar":["0"],"ocean_disable_margins":["enable"],"ocean_display_top_bar":["off"],"ocean_display_header":["off"],"ocean_center_header_left_menu":["0"],"ocean_custom_header_template":["0"],"ocean_header_custom_menu":["0"],"ocean_menu_typo_font_family":["0"],"ocean_disable_title":["on"],"ocean_disable_heading":["default"],"ocean_disable_breadcrumbs":["off"],"ocean_display_footer_widgets":["default"],"ocean_display_footer_bottom":["default"],"ocean_custom_footer_template":["0"],"ocean_link_format_target":["self"],"ocean_quote_format_link":["post"],"_cspm_marker_icon_height":["-1"],"_cspm_marker_icon_width":["-1"],"_cspm_enable_media_marker_click":["yes"],"ocean_post_layout":["full-width"],"_dp_original":["818"],"_edit_lock":["1672424637:3"],"_edit_last":["3"],"enclosure":["https:\/\/ahoj.grenzgaenge.net\/wp-content\/uploads\/2022\/12\/dt_gesellschaft-veraendern.mp3\n373972\naudio\/mpeg\n","https:\/\/ahoj.grenzgaenge.net\/wp-content\/uploads\/2022\/12\/cz_gesellschaft-veraenderung.mp3\n404692\naudio\/mpeg\n"],"nectar_blog_post_view_count":["759"]},"_links":{"self":[{"href":"https:\/\/ahoj.grenzgaenge.net\/cs\/wp-json\/wp\/v2\/posts\/823"}],"collection":[{"href":"https:\/\/ahoj.grenzgaenge.net\/cs\/wp-json\/wp\/v2\/posts"}],"about":[{"href":"https:\/\/ahoj.grenzgaenge.net\/cs\/wp-json\/wp\/v2\/types\/post"}],"author":[{"embeddable":true,"href":"https:\/\/ahoj.grenzgaenge.net\/cs\/wp-json\/wp\/v2\/users\/3"}],"replies":[{"embeddable":true,"href":"https:\/\/ahoj.grenzgaenge.net\/cs\/wp-json\/wp\/v2\/comments?post=823"}],"version-history":[{"count":6,"href":"https:\/\/ahoj.grenzgaenge.net\/cs\/wp-json\/wp\/v2\/posts\/823\/revisions"}],"predecessor-version":[{"id":909,"href":"https:\/\/ahoj.grenzgaenge.net\/cs\/wp-json\/wp\/v2\/posts\/823\/revisions\/909"}],"wp:featuredmedia":[{"embeddable":true,"href":"https:\/\/ahoj.grenzgaenge.net\/cs\/wp-json\/wp\/v2\/media\/950"}],"wp:attachment":[{"href":"https:\/\/ahoj.grenzgaenge.net\/cs\/wp-json\/wp\/v2\/media?parent=823"}],"wp:term":[{"taxonomy":"category","embeddable":true,"href":"https:\/\/ahoj.grenzgaenge.net\/cs\/wp-json\/wp\/v2\/categories?post=823"},{"taxonomy":"post_tag","embeddable":true,"href":"https:\/\/ahoj.grenzgaenge.net\/cs\/wp-json\/wp\/v2\/tags?post=823"}],"curies":[{"name":"wp","href":"https:\/\/api.w.org\/{rel}","templated":true}]}}